{"id":12329,"date":"2025-11-24T11:37:00","date_gmt":"2025-11-24T11:37:00","guid":{"rendered":"https:\/\/elementor.zozothemes.com\/egovenz\/2019\/10\/25\/improving-productivity-across-global-teams-copy-3\/"},"modified":"2025-11-24T17:33:36","modified_gmt":"2025-11-24T17:33:36","slug":"expansion-of-after-school-programs","status":"publish","type":"post","link":"https:\/\/staezn.pt\/?p=12329","title":{"rendered":"DNTAE 2025 | Mensagem da Presidente do STAEZN"},"content":{"rendered":"\t\t<div data-elementor-type=\"wp-post\" data-elementor-id=\"12329\" class=\"elementor elementor-12329\">\n\t\t\t\t\t\t<section class=\"elementor-section elementor-top-section elementor-element elementor-element-9fdbd71 elementor-section-boxed elementor-section-height-default elementor-section-height-default\" data-id=\"9fdbd71\" data-element_type=\"section\" data-e-type=\"section\">\n\t\t\t\t\t\t<div class=\"elementor-container elementor-column-gap-default\">\n\t\t\t\t\t<div class=\"elementor-column elementor-col-100 elementor-top-column elementor-element elementor-element-3957abb\" data-id=\"3957abb\" data-element_type=\"column\" data-e-type=\"column\">\n\t\t\t<div class=\"elementor-widget-wrap elementor-element-populated\">\n\t\t\t\t\t\t<div class=\"elementor-element elementor-element-5dac4d2 elementor-widget elementor-widget-text-editor\" data-id=\"5dac4d2\" data-element_type=\"widget\" data-e-type=\"widget\" data-widget_type=\"text-editor.default\">\n\t\t\t\t\t\t\t\t\t<p>Hoje, no\u00a0<strong>Dia Nacional do Pessoal N\u00e3o Docente<\/strong>, o STAEZN dirige uma mensagem de profunda gratid\u00e3o a todas e todos os\u00a0<strong>Trabalhadores de Apoio Educativo<\/strong>.<\/p><p><br \/>Voc\u00eas, que todos os dias, com dedica\u00e7\u00e3o e sentido de miss\u00e3o, mant\u00eam viva, organizada e segura a nossa escola.<\/p><p>\u00a0<\/p><p>Cada um de voc\u00eas est\u00e1 presente em tudo o que a escola \u00e9 e representa.<\/p><p><br \/>&#8211; Est\u00e3o presentes no cuidado que oferecem aos alunos, na aten\u00e7\u00e3o que d\u00e3o \u00e0s fam\u00edlias, na solu\u00e7\u00e3o de problemas que resolvem antes que algu\u00e9m se aperceba.<br \/>&#8211; Est\u00e3o presentes no sil\u00eancio do vosso trabalho, mas sobretudo, est\u00e3o presentes no impacto enorme que t\u00eam na vida de toda a comunidade educativa.<\/p><p>\u00a0<\/p><p>&#8211; Voc\u00eas s\u00e3o indispens\u00e1veis.<br \/>&#8211; Voc\u00eas s\u00e3o a for\u00e7a que sustenta o dia a dia das escolas.<br \/>&#8211; Voc\u00eas s\u00e3o o rosto da proximidade, da humanidade e da estabilidade que tantas crian\u00e7as e jovens encontram no ambiente escolar.<\/p><p><br \/>E fazem tudo isto porque carregam a\u00a0<strong><em><u>Escola no Cora\u00e7\u00e3o<\/u><\/em><\/strong>\u00a0\u2014 n\u00e3o apenas no discurso, mas no vosso compromisso di\u00e1rio.<\/p><p>\u00a0<\/p><p>Hoje queremos agradecer-vos de forma muito especial.<br \/>&#8211; Obrigado por cada esfor\u00e7o que n\u00e3o se v\u00ea, por cada tarefa que n\u00e3o \u00e9 anunciada, por cada dificuldade que ultrapassam com profissionalismo.<br \/>&#8211; Obrigado pela paci\u00eancia, pela resili\u00eancia e pela aten\u00e7\u00e3o que dedicam ao bem-estar de todos<\/p><p>&#8211; Obrigado por serem a base silenciosa, mas absolutamente essencial, da escola.<\/p><p>&#8211; Obrigado por terem sempre a\u00a0<strong><em><u>Escola no Cora\u00e7\u00e3o<\/u><\/em><\/strong>.<\/p><p>\u00a0<\/p><p>Mas o nosso agradecimento n\u00e3o chega sozinho.<br \/><br \/><\/p><p>\u00c9 tamb\u00e9m um\u00a0<strong>chamado \u00e0 justi\u00e7a e \u00e0 valoriza\u00e7\u00e3o<\/strong>.<br \/><br \/>\u00c9 tempo de reconhecer plenamente as vossas carreiras, de valorizar os vossos sal\u00e1rios, de refor\u00e7ar os quadros das escolas e de garantir condi\u00e7\u00f5es de trabalho dignas.<br \/>O vosso esfor\u00e7o merece respeito, reconhecimento e a\u00e7\u00e3o concreta \u2014 e \u00e9 por isso que o STAEZN continuar\u00e1 a lutar, todos os dias, ao vosso lado.<\/p><p>\u00a0<\/p><p>Neste dia, desejamos-vos um\u00a0<strong>Feliz Dia do Pessoal N\u00e3o Docente<\/strong>, com o reconhecimento que tanto merecem.<br \/><br \/>O STAEZN continuar\u00e1 ao vosso lado, a defender o vosso valor, a lutar pelos vossos direitos e a afirmar, sempre, a import\u00e2ncia do vosso trabalho.<\/p><p><br \/>Em nome do STAEZN, um sincero e profundo obrigado.<br \/><br \/>Hoje e sempre, seguimos juntos, com a\u00a0<strong><em><u>Escola no Cora\u00e7\u00e3o<\/u><\/em><\/strong>.<\/p><p>\u00a0<\/p><p>A Presidente do STAEZN, Cristina Peixoto<\/p>\t\t\t\t\t\t\t\t<\/div>\n\t\t\t\t\t<\/div>\n\t\t<\/div>\n\t\t\t\t\t<\/div>\n\t\t<\/section>\n\t\t\t\t<\/div>\n\t\t","protected":false},"excerpt":{"rendered":"<p>Hoje, no\u00a0Dia Nacional do Pessoal N\u00e3o Docente, o STAEZN dirige uma mensagem de profunda gratid\u00e3o a todas e todos os\u00a0Trabalhadores de Apoio Educativo. Voc\u00eas, que todos os dias, com dedica\u00e7\u00e3o e sentido de miss\u00e3o, mant\u00eam viva, organizada e segura a nossa escola. \u00a0 Cada um de voc\u00eas est\u00e1 presente em tudo o que a escola<\/p>\n","protected":false},"author":1,"featured_media":17479,"comment_status":"closed","ping_status":"open","sticky":false,"template":"","format":"standard","meta":{"footnotes":""},"categories":[3,4],"tags":[9,6],"class_list":["post-12329","post","type-post","status-publish","format-standard","has-post-thumbnail","hentry","category-destaque","category-noticias","tag-fesap","tag-fne"],"_links":{"self":[{"href":"https:\/\/staezn.pt\/index.php?rest_route=\/wp\/v2\/posts\/12329","targetHints":{"allow":["GET"]}}],"collection":[{"href":"https:\/\/staezn.pt\/index.php?rest_route=\/wp\/v2\/posts"}],"about":[{"href":"https:\/\/staezn.pt\/index.php?rest_route=\/wp\/v2\/types\/post"}],"author":[{"embeddable":true,"href":"https:\/\/staezn.pt\/index.php?rest_route=\/wp\/v2\/users\/1"}],"replies":[{"embeddable":true,"href":"https:\/\/staezn.pt\/index.php?rest_route=%2Fwp%2Fv2%2Fcomments&post=12329"}],"version-history":[{"count":4,"href":"https:\/\/staezn.pt\/index.php?rest_route=\/wp\/v2\/posts\/12329\/revisions"}],"predecessor-version":[{"id":17483,"href":"https:\/\/staezn.pt\/index.php?rest_route=\/wp\/v2\/posts\/12329\/revisions\/17483"}],"wp:featuredmedia":[{"embeddable":true,"href":"https:\/\/staezn.pt\/index.php?rest_route=\/wp\/v2\/media\/17479"}],"wp:attachment":[{"href":"https:\/\/staezn.pt\/index.php?rest_route=%2Fwp%2Fv2%2Fmedia&parent=12329"}],"wp:term":[{"taxonomy":"category","embeddable":true,"href":"https:\/\/staezn.pt\/index.php?rest_route=%2Fwp%2Fv2%2Fcategories&post=12329"},{"taxonomy":"post_tag","embeddable":true,"href":"https:\/\/staezn.pt\/index.php?rest_route=%2Fwp%2Fv2%2Ftags&post=12329"}],"curies":[{"name":"wp","href":"https:\/\/api.w.org\/{rel}","templated":true}]}}