{"id":12810,"date":"2025-11-02T09:14:11","date_gmt":"2025-11-02T09:14:11","guid":{"rendered":"https:\/\/elementor.zozothemes.com\/egovenz\/2019\/11\/08\/upcoming-public-meetings-copy\/"},"modified":"2025-11-24T17:34:07","modified_gmt":"2025-11-24T17:34:07","slug":"summer-festival-tickets-on-sale","status":"publish","type":"post","link":"https:\/\/staezn.pt\/?p=12810","title":{"rendered":"DNTAE 2025 &#8211; Mensagem do Secret\u00e1rio-Geral da FNE"},"content":{"rendered":"\t\t<div data-elementor-type=\"wp-post\" data-elementor-id=\"12810\" class=\"elementor elementor-12810\">\n\t\t\t\t\t\t<section class=\"elementor-section elementor-top-section elementor-element elementor-element-9fdbd71 elementor-section-boxed elementor-section-height-default elementor-section-height-default\" data-id=\"9fdbd71\" data-element_type=\"section\" data-e-type=\"section\">\n\t\t\t\t\t\t<div class=\"elementor-container elementor-column-gap-default\">\n\t\t\t\t\t<div class=\"elementor-column elementor-col-100 elementor-top-column elementor-element elementor-element-3957abb\" data-id=\"3957abb\" data-element_type=\"column\" data-e-type=\"column\">\n\t\t\t<div class=\"elementor-widget-wrap elementor-element-populated\">\n\t\t\t\t\t\t<div class=\"elementor-element elementor-element-5dac4d2 elementor-widget elementor-widget-text-editor\" data-id=\"5dac4d2\" data-element_type=\"widget\" data-e-type=\"widget\" data-widget_type=\"text-editor.default\">\n\t\t\t\t\t\t\t\t\t<div><strong>Mensagem do Secret\u00e1rio Geral da FNE<\/strong><br \/><br \/><strong>Dia Nacional dos Trabalhadores de Apoio Educativo &#8211; 2025<\/strong><br \/><br \/>Neste Dia Nacional dos Trabalhadores de Apoio Educativo, a Federa\u00e7\u00e3o Nacional da Educa\u00e7\u00e3o celebra, com profundo reconhecimento, todas e todos aqueles que, diariamente, garantem o funcionamento das nossas escolas, contribuindo de forma indispens\u00e1vel para a qualidade da educa\u00e7\u00e3o em Portugal.<br \/><br \/>Os Trabalhadores de Apoio Educativo (assistentes operacionais, assistentes t\u00e9cnicos, t\u00e9cnicos especializados e demais profissionais de apoio) s\u00e3o pilares essenciais das comunidades educativas. O seu trabalho, tantas vezes invis\u00edvel para o poder pol\u00edtico e sociedade, \u00e9 absolutamente determinante, pois s\u00e3o estes trabalhadores que asseguram ambientes escolares seguros, inclusivos e organizados; apoiam alunos, docentes e fam\u00edlias; mant\u00eam o espa\u00e7o escolar vivo, funcional e humano. S\u00e3o, na pr\u00e1tica, guardi\u00f5es da escola democr\u00e1tica e da igualdade de oportunidades.<br \/><br \/><strong>Apesar desta import\u00e2ncia, continuam a enfrentar condi\u00e7\u00f5es laborais que n\u00e3o refletem o valor<\/strong>\u00a0social do seu contributo: carreiras desajustadas, sal\u00e1rios insuficientes, falta de recursos humanos e excesso de carga de trabalho. A FNE reafirma, por isso, o seu compromisso firme e inabal\u00e1vel na defesa dos seus direitos, na valoriza\u00e7\u00e3o das suas carreiras e na promo\u00e7\u00e3o de melhores condi\u00e7\u00f5es de trabalho. S\u00f3 com profissionais respeitados, motivados e reconhecidos podemos construir uma escola p\u00fablica de qualidade para todos.<br \/><br \/><strong>Hoje celebramos, mas tamb\u00e9m reivindicamos.<\/strong>\u00a0Celebramos a dedica\u00e7\u00e3o, a responsabilidade e a compet\u00eancia destes trabalhadores; reivindicamos o justo reconhecimento que lhes \u00e9 devido. A FNE continuar\u00e1 ao lado de cada trabalhador e trabalhadora, em todos os contextos, fazendo ouvir a sua voz e lutando para que a escola seja um espa\u00e7o de dignidade laboral e de realiza\u00e7\u00e3o pessoal.<br \/><br \/>A todas e todos os trabalhadores de apoio educativo, o nosso profundo agradecimento.\u00a0<br \/><br \/><strong>Este \u00e9 o vosso dia, e a FNE celebra o dia convosco, com orgulho e respeito.<br \/><br \/>Pedro Barreiros<br \/><\/strong>Secret\u00e1rio Geral<br \/>Federa\u00e7\u00e3o Nacional da Educa\u00e7\u00e3o &#8211; FNE\u00a0<br \/><br \/><\/div><div><br \/><strong><em>Porto, 24 de novembro de 2025<\/em><\/strong><\/div>\t\t\t\t\t\t\t\t<\/div>\n\t\t\t\t\t<\/div>\n\t\t<\/div>\n\t\t\t\t\t<\/div>\n\t\t<\/section>\n\t\t\t\t<\/div>\n\t\t","protected":false},"excerpt":{"rendered":"<p>Mensagem do Secret\u00e1rio Geral da FNE Dia Nacional dos Trabalhadores de Apoio Educativo &#8211; 2025 Neste Dia Nacional dos Trabalhadores de Apoio Educativo, a Federa\u00e7\u00e3o Nacional da Educa\u00e7\u00e3o celebra, com profundo reconhecimento, todas e todos aqueles que, diariamente, garantem o funcionamento das nossas escolas, contribuindo de forma indispens\u00e1vel para a qualidade da educa\u00e7\u00e3o em Portugal.<\/p>\n","protected":false},"author":1,"featured_media":17397,"comment_status":"closed","ping_status":"open","sticky":false,"template":"","format":"standard","meta":{"footnotes":""},"categories":[3],"tags":[6,7],"class_list":["post-12810","post","type-post","status-publish","format-standard","has-post-thumbnail","hentry","category-destaque","tag-fne","tag-staezn"],"_links":{"self":[{"href":"https:\/\/staezn.pt\/index.php?rest_route=\/wp\/v2\/posts\/12810","targetHints":{"allow":["GET"]}}],"collection":[{"href":"https:\/\/staezn.pt\/index.php?rest_route=\/wp\/v2\/posts"}],"about":[{"href":"https:\/\/staezn.pt\/index.php?rest_route=\/wp\/v2\/types\/post"}],"author":[{"embeddable":true,"href":"https:\/\/staezn.pt\/index.php?rest_route=\/wp\/v2\/users\/1"}],"replies":[{"embeddable":true,"href":"https:\/\/staezn.pt\/index.php?rest_route=%2Fwp%2Fv2%2Fcomments&post=12810"}],"version-history":[{"count":4,"href":"https:\/\/staezn.pt\/index.php?rest_route=\/wp\/v2\/posts\/12810\/revisions"}],"predecessor-version":[{"id":17396,"href":"https:\/\/staezn.pt\/index.php?rest_route=\/wp\/v2\/posts\/12810\/revisions\/17396"}],"wp:featuredmedia":[{"embeddable":true,"href":"https:\/\/staezn.pt\/index.php?rest_route=\/wp\/v2\/media\/17397"}],"wp:attachment":[{"href":"https:\/\/staezn.pt\/index.php?rest_route=%2Fwp%2Fv2%2Fmedia&parent=12810"}],"wp:term":[{"taxonomy":"category","embeddable":true,"href":"https:\/\/staezn.pt\/index.php?rest_route=%2Fwp%2Fv2%2Fcategories&post=12810"},{"taxonomy":"post_tag","embeddable":true,"href":"https:\/\/staezn.pt\/index.php?rest_route=%2Fwp%2Fv2%2Ftags&post=12810"}],"curies":[{"name":"wp","href":"https:\/\/api.w.org\/{rel}","templated":true}]}}