{"id":17670,"date":"2026-02-26T11:50:03","date_gmt":"2026-02-26T11:50:03","guid":{"rendered":"https:\/\/staezn.pt\/?p=17670"},"modified":"2026-02-26T12:01:56","modified_gmt":"2026-02-26T12:01:56","slug":"mensagem-da-presidente-do-staezn","status":"publish","type":"post","link":"https:\/\/staezn.pt\/?p=17670","title":{"rendered":"Mensagem da Presidente do STAEZN"},"content":{"rendered":"\t\t<div data-elementor-type=\"wp-post\" data-elementor-id=\"17670\" class=\"elementor elementor-17670\">\n\t\t\t\t<div class=\"elementor-element elementor-element-d339d22 e-flex e-con-boxed e-con e-parent\" data-id=\"d339d22\" data-element_type=\"container\" data-e-type=\"container\">\n\t\t\t\t\t<div class=\"e-con-inner\">\n\t\t<div class=\"elementor-element elementor-element-0ace13e e-con-full e-flex e-con e-child\" data-id=\"0ace13e\" data-element_type=\"container\" data-e-type=\"container\">\n\t\t\t\t<div class=\"elementor-element elementor-element-efb247a elementor-widget elementor-widget-text-editor\" data-id=\"efb247a\" data-element_type=\"widget\" data-e-type=\"widget\" data-widget_type=\"text-editor.default\">\n\t\t\t\t\t\t\t\t\t<p>Prezados(as) Trabalhadores(as) de Apoio Educativo,<\/p>\n<p><!-- \/wp:paragraph --><!-- wp:paragraph --><\/p>\n<p>\u00c9 com enorme orgulho e sentido de responsabilidade que me dirijo a todos voc\u00eas, que diariamente desempenham um papel essencial no funcionamento das nossas escolas e no sucesso dos nossos alunos.<\/p>\n<p><!-- \/wp:paragraph --><!-- wp:paragraph --><\/p>\n<p>O trabalho dos Trabalhadores de Apoio Educativo\u00a0\u00e9 muitas vezes realizado nos bastidores, mas \u00e9 absolutamente fundamental para garantir um ambiente escolar seguro, organizado, inclusivo e acolhedor. Cada gesto de cuidado, cada apoio prestado e cada desafio superado fazem a diferen\u00e7a na vida de milhares de estudantes e suas fam\u00edlias.<\/p>\n<p><!-- \/wp:paragraph --><!-- wp:paragraph --><\/p>\n<p>Vivemos tempos exigentes, que requerem uni\u00e3o, resili\u00eancia e firmeza na defesa dos nossos direitos. O nosso sindicato continua empenhado na valoriza\u00e7\u00e3o profissional, na melhoria das condi\u00e7\u00f5es de trabalho, na forma\u00e7\u00e3o cont\u00ednua e no reconhecimento justo da import\u00e2ncia das nossas fun\u00e7\u00f5es. Acreditamos que s\u00f3 com di\u00e1logo, mobiliza\u00e7\u00e3o e participa\u00e7\u00e3o ativa conseguiremos alcan\u00e7ar as mudan\u00e7as que todos merecemos.<\/p>\n<p><!-- \/wp:paragraph --><!-- wp:paragraph --><\/p>\n<p>Reafirmo o compromisso desta dire\u00e7\u00e3o em manter uma comunica\u00e7\u00e3o transparente, pr\u00f3xima e constante com todos os associados. Esta p\u00e1gina oficial ser\u00e1 um espa\u00e7o de informa\u00e7\u00e3o, partilha e fortalecimento da nossa identidade coletiva.<\/p>\n<p><!-- \/wp:paragraph --><!-- wp:paragraph --><\/p>\n<p>Contamos com cada um de voc\u00eas para continuar a construir um sindicato forte, representativo e determinado na defesa da dignidade e valoriza\u00e7\u00e3o dos trabalhadores do apoio educativo.<\/p>\n<p><!-- \/wp:paragraph --><!-- wp:paragraph --><\/p>\n<p>Unidos somos mais fortes.<\/p>\n<p><!-- \/wp:paragraph --><!-- wp:paragraph --><\/p>\n<p>Com estima e determina\u00e7\u00e3o,<\/p>\n<p><!-- \/wp:paragraph --><!-- wp:paragraph --><\/p>\n<p>Cristina Peixoto<\/p>\n<p><!-- \/wp:paragraph --><!-- wp:paragraph --><\/p>\n<p>Presidente do Sindicato dos Trabalhadores de Apoio Educativo<\/p>\t\t\t\t\t\t\t\t<\/div>\n\t\t\t\t<\/div>\n\t\t\t\t\t<\/div>\n\t\t\t\t<\/div>\n\t\t\t\t<\/div>\n\t\t","protected":false},"excerpt":{"rendered":"<p>Prezados(as) Trabalhadores(as) de Apoio Educativo, \u00c9 com enorme orgulho e sentido de responsabilidade que me dirijo a todos voc\u00eas, que diariamente desempenham um papel essencial no funcionamento das nossas escolas e no sucesso dos nossos alunos. O trabalho dos Trabalhadores de Apoio Educativo\u00a0\u00e9 muitas vezes realizado nos bastidores, mas \u00e9 absolutamente fundamental para garantir um<\/p>\n","protected":false},"author":1,"featured_media":17668,"comment_status":"closed","ping_status":"closed","sticky":false,"template":"","format":"standard","meta":{"footnotes":""},"categories":[28],"tags":[],"class_list":["post-17670","post","type-post","status-publish","format-standard","has-post-thumbnail","hentry","category-presidente"],"_links":{"self":[{"href":"https:\/\/staezn.pt\/index.php?rest_route=\/wp\/v2\/posts\/17670","targetHints":{"allow":["GET"]}}],"collection":[{"href":"https:\/\/staezn.pt\/index.php?rest_route=\/wp\/v2\/posts"}],"about":[{"href":"https:\/\/staezn.pt\/index.php?rest_route=\/wp\/v2\/types\/post"}],"author":[{"embeddable":true,"href":"https:\/\/staezn.pt\/index.php?rest_route=\/wp\/v2\/users\/1"}],"replies":[{"embeddable":true,"href":"https:\/\/staezn.pt\/index.php?rest_route=%2Fwp%2Fv2%2Fcomments&post=17670"}],"version-history":[{"count":4,"href":"https:\/\/staezn.pt\/index.php?rest_route=\/wp\/v2\/posts\/17670\/revisions"}],"predecessor-version":[{"id":17674,"href":"https:\/\/staezn.pt\/index.php?rest_route=\/wp\/v2\/posts\/17670\/revisions\/17674"}],"wp:featuredmedia":[{"embeddable":true,"href":"https:\/\/staezn.pt\/index.php?rest_route=\/wp\/v2\/media\/17668"}],"wp:attachment":[{"href":"https:\/\/staezn.pt\/index.php?rest_route=%2Fwp%2Fv2%2Fmedia&parent=17670"}],"wp:term":[{"taxonomy":"category","embeddable":true,"href":"https:\/\/staezn.pt\/index.php?rest_route=%2Fwp%2Fv2%2Fcategories&post=17670"},{"taxonomy":"post_tag","embeddable":true,"href":"https:\/\/staezn.pt\/index.php?rest_route=%2Fwp%2Fv2%2Ftags&post=17670"}],"curies":[{"name":"wp","href":"https:\/\/api.w.org\/{rel}","templated":true}]}}