{"id":17677,"date":"2026-03-02T11:16:13","date_gmt":"2026-03-02T11:16:13","guid":{"rendered":"https:\/\/staezn.pt\/?p=17677"},"modified":"2026-03-02T11:19:02","modified_gmt":"2026-03-02T11:19:02","slug":"mensagem-do-secretario-geral-da-fne","status":"publish","type":"post","link":"https:\/\/staezn.pt\/?p=17677","title":{"rendered":"Mensagem do Secret\u00e1rio-Geral da FNE"},"content":{"rendered":"\t\t<div data-elementor-type=\"wp-post\" data-elementor-id=\"17677\" class=\"elementor elementor-17677\">\n\t\t\t\t<div class=\"elementor-element elementor-element-5e9664a e-flex e-con-boxed e-con e-parent\" data-id=\"5e9664a\" data-element_type=\"container\" data-e-type=\"container\">\n\t\t\t\t\t<div class=\"e-con-inner\">\n\t\t<div class=\"elementor-element elementor-element-5262d6e e-con-full e-flex e-con e-child\" data-id=\"5262d6e\" data-element_type=\"container\" data-e-type=\"container\">\n\t\t\t\t<div class=\"elementor-element elementor-element-05dda33 elementor-widget elementor-widget-text-editor\" data-id=\"05dda33\" data-element_type=\"widget\" data-e-type=\"widget\" data-widget_type=\"text-editor.default\">\n\t\t\t\t\t\t\t\t\t<p>Caras e Caros Trabalhadores de Apoio Educativo, Caras e Caros Associados do STAEZN,<\/p><p>Dirijo-me a todos v\u00f3s com uma palavra de reconhecimento, respeito e profunda valoriza\u00e7\u00e3o pelo trabalho que diariamente desenvolvem nas nossas escolas.<\/p><p>Os trabalhadores de apoio educativo s\u00e3o um pilar essencial da qualidade do sistema educativo. S\u00e3o quem garante o funcionamento das escolas para al\u00e9m da sala de aula, que asseguram o apoio direto aos alunos, que acompanham situa\u00e7\u00f5es de maior vulnerabilidade, que promovem ambientes seguros, inclusivos e humanizados. O vosso contributo \u00e9 determinante para que a escola cumpra a sua miss\u00e3o de formar cidad\u00e3os, promover igualdade de oportunidades e construir futuro.<\/p><p>Muitas vezes, o vosso trabalho \u00e9 discreto. Mas nunca \u00e9 invis\u00edvel para quem conhece verdadeiramente a realidade das escolas. Cada gesto de cuidado, cada apoio prestado, cada interven\u00e7\u00e3o atempada faz a diferen\u00e7a.<\/p><p>Enquanto associados do STAEZN, sindicato filiado na Federa\u00e7\u00e3o Nacional da Educa\u00e7\u00e3o (FNE), fazem parte de uma estrutura sindical que tem afirmado, de forma clara e consistente, a necessidade de valoriza\u00e7\u00e3o efetiva dos Trabalhadores de Apoio Educativo. A FNE tem defendido, entre outras reivindica\u00e7\u00f5es, melhores condi\u00e7\u00f5es de trabalho, a dignifica\u00e7\u00e3o das carreiras, o reconhecimento da especificidade das fun\u00e7\u00f5es desempenhadas nas escolas e o refor\u00e7o dos recursos humanos adequados \u00e0s necessidades reais dos estabelecimentos de ensino.<\/p><p>N\u00e3o h\u00e1 educa\u00e7\u00e3o de qualidade sem profissionais valorizados. N\u00e3o h\u00e1 escola inclusiva sem trabalhadores de apoio educativo respeitados e reconhecidos. N\u00e3o h\u00e1 sucesso educativo sustent\u00e1vel sem equipas coesas onde todos contam.<\/p><p>\u00c9 por isso que continuaremos a exigir a valoriza\u00e7\u00e3o das carreiras e das remunera\u00e7\u00f5es; estabiliza\u00e7\u00e3o dos v\u00ednculos e o combate \u00e0 precariedade; forma\u00e7\u00e3o cont\u00ednua adequada \u00e0s fun\u00e7\u00f5es desempenhadas; melhoria das condi\u00e7\u00f5es de trabalho e o refor\u00e7o dos quadros de pessoal.<\/p><p>O vosso trabalho \u00e9 indispens\u00e1vel. A vossa voz \u00e9 necess\u00e1ria. A vossa participa\u00e7\u00e3o fortalece o sindicato e refor\u00e7a a capacidade de negocia\u00e7\u00e3o e interven\u00e7\u00e3o coletiva.<\/p><p>Contem com a FNE para continuar a defender, com firmeza e responsabilidade, os vossos direitos e a dignidade da vossa profiss\u00e3o.<\/p><p>Com estima e reconhecimento,<\/p><p>\u00a0<\/p><p>Pedro Barreiros Secret\u00e1rio-Geral da FNE<\/p>\t\t\t\t\t\t\t\t<\/div>\n\t\t\t\t<\/div>\n\t\t\t\t\t<\/div>\n\t\t\t\t<\/div>\n\t\t\t\t<\/div>\n\t\t","protected":false},"excerpt":{"rendered":"<p>Caras e Caros Trabalhadores de Apoio Educativo, Caras e Caros Associados do STAEZN, Dirijo-me a todos v\u00f3s com uma palavra de reconhecimento, respeito e profunda valoriza\u00e7\u00e3o pelo trabalho que diariamente desenvolvem nas nossas escolas. Os trabalhadores de apoio educativo s\u00e3o um pilar essencial da qualidade do sistema educativo. S\u00e3o quem garante o funcionamento das escolas<\/p>\n","protected":false},"author":1,"featured_media":17682,"comment_status":"closed","ping_status":"open","sticky":false,"template":"","format":"standard","meta":{"footnotes":""},"categories":[3,4,5],"tags":[],"class_list":["post-17677","post","type-post","status-publish","format-standard","has-post-thumbnail","hentry","category-destaque","category-noticias","category-staezn"],"_links":{"self":[{"href":"https:\/\/staezn.pt\/index.php?rest_route=\/wp\/v2\/posts\/17677","targetHints":{"allow":["GET"]}}],"collection":[{"href":"https:\/\/staezn.pt\/index.php?rest_route=\/wp\/v2\/posts"}],"about":[{"href":"https:\/\/staezn.pt\/index.php?rest_route=\/wp\/v2\/types\/post"}],"author":[{"embeddable":true,"href":"https:\/\/staezn.pt\/index.php?rest_route=\/wp\/v2\/users\/1"}],"replies":[{"embeddable":true,"href":"https:\/\/staezn.pt\/index.php?rest_route=%2Fwp%2Fv2%2Fcomments&post=17677"}],"version-history":[{"count":4,"href":"https:\/\/staezn.pt\/index.php?rest_route=\/wp\/v2\/posts\/17677\/revisions"}],"predecessor-version":[{"id":17681,"href":"https:\/\/staezn.pt\/index.php?rest_route=\/wp\/v2\/posts\/17677\/revisions\/17681"}],"wp:featuredmedia":[{"embeddable":true,"href":"https:\/\/staezn.pt\/index.php?rest_route=\/wp\/v2\/media\/17682"}],"wp:attachment":[{"href":"https:\/\/staezn.pt\/index.php?rest_route=%2Fwp%2Fv2%2Fmedia&parent=17677"}],"wp:term":[{"taxonomy":"category","embeddable":true,"href":"https:\/\/staezn.pt\/index.php?rest_route=%2Fwp%2Fv2%2Fcategories&post=17677"},{"taxonomy":"post_tag","embeddable":true,"href":"https:\/\/staezn.pt\/index.php?rest_route=%2Fwp%2Fv2%2Ftags&post=17677"}],"curies":[{"name":"wp","href":"https:\/\/api.w.org\/{rel}","templated":true}]}}