{"id":17792,"date":"2026-03-11T10:52:33","date_gmt":"2026-03-11T10:52:33","guid":{"rendered":"https:\/\/staezn.pt\/?p=17792"},"modified":"2026-03-11T11:50:45","modified_gmt":"2026-03-11T11:50:45","slug":"protocolo-entre-staezn-e-camara-da-regua-reforca-qualificacao-e-valorizacao-dos-trabalhadores-de-apoio-educativo","status":"publish","type":"post","link":"https:\/\/staezn.pt\/?p=17792","title":{"rendered":"Protocolo entre STAEZN e C\u00e2mara Municipal do Peso da R\u00e9gua refor\u00e7a qualifica\u00e7\u00e3o e valoriza\u00e7\u00e3o dos trabalhadores de apoio educativo"},"content":{"rendered":"\t\t<div data-elementor-type=\"wp-post\" data-elementor-id=\"17792\" class=\"elementor elementor-17792\">\n\t\t\t\t<div class=\"elementor-element elementor-element-dc01b38 e-flex e-con-boxed e-con e-parent\" data-id=\"dc01b38\" data-element_type=\"container\" data-e-type=\"container\">\n\t\t\t\t\t<div class=\"e-con-inner\">\n\t\t<div class=\"elementor-element elementor-element-ab5e0af e-con-full e-flex e-con e-child\" data-id=\"ab5e0af\" data-element_type=\"container\" data-e-type=\"container\">\n\t\t\t\t<div class=\"elementor-element elementor-element-67c43c5 elementor-widget elementor-widget-text-editor\" data-id=\"67c43c5\" data-element_type=\"widget\" data-e-type=\"widget\" data-widget_type=\"text-editor.default\">\n\t\t\t\t\t\t\t\t\t<p data-end=\"450\" data-start=\"174\" data-ogsc=\"\" data-olk-copy-source=\"MessageBody\">O\u00a0<strong data-end=\"250\" data-start=\"177\" data-ogsc=\"\">STAEZN \u2013 Sindicato dos Trabalhadores de Apoio Educativo da Zona Norte<\/strong>\u00a0e a\u00a0<strong data-end=\"292\" data-start=\"255\" data-ogsc=\"\">C\u00e2mara Municipal do Peso da R\u00e9gua<\/strong>\u00a0assinaram hoje um protocolo de colabora\u00e7\u00e3o com o objetivo de refor\u00e7ar a qualifica\u00e7\u00e3o e valoriza\u00e7\u00e3o profissional dos trabalhadores de apoio educativo.<\/p>\n<p data-end=\"755\" data-start=\"452\" data-ogsc=\"\">Este acordo estabelece um quadro de coopera\u00e7\u00e3o que visa promover\u00a0<strong data-end=\"627\" data-start=\"517\" data-ogsc=\"\">a\u00e7\u00f5es de forma\u00e7\u00e3o profissional, iniciativas de capacita\u00e7\u00e3o e atividades de desenvolvimento de compet\u00eancias<\/strong>, contribuindo para a melhoria cont\u00ednua da qualidade do trabalho desenvolvido nas escolas e institui\u00e7\u00f5es educativas do concelho.<\/p>\n<p data-end=\"985\" data-start=\"757\" data-ogsc=\"\">Atrav\u00e9s desta parceria, pretende-se\u00a0<strong data-end=\"851\" data-start=\"793\" data-ogsc=\"\">valorizar o papel dos trabalhadores de apoio educativo<\/strong>, reconhecendo a import\u00e2ncia das suas fun\u00e7\u00f5es no funcionamento das comunidades educativas e no apoio ao processo educativo dos alunos.<\/p>\n<p data-end=\"1263\" data-start=\"987\" data-ogsc=\"\">A colabora\u00e7\u00e3o entre as duas entidades permitir\u00e1\u00a0<strong data-end=\"1195\" data-start=\"1035\" data-ogsc=\"\">identificar necessidades formativas, desenvolver programas de forma\u00e7\u00e3o ajustados \u00e0 realidade do setor e incentivar a atualiza\u00e7\u00e3o permanente de conhecimentos<\/strong>, promovendo assim melhores condi\u00e7\u00f5es para o exerc\u00edcio profissional.<\/p>\n<p data-end=\"1453\" data-start=\"1265\" data-ogsc=\"\">Este protocolo representa mais um passo no compromisso conjunto de\u00a0<strong data-end=\"1452\" data-start=\"1332\" data-ogsc=\"\">investir na forma\u00e7\u00e3o, na valoriza\u00e7\u00e3o dos profissionais e na qualidade dos servi\u00e7os educativos prestados \u00e0 comunidade<\/strong>.<\/p>\t\t\t\t\t\t\t\t<\/div>\n\t\t\t\t<\/div>\n\t\t\t\t\t<\/div>\n\t\t\t\t<\/div>\n\t\t<div class=\"elementor-element elementor-element-7d5ee10 e-flex e-con-boxed e-con e-parent\" data-id=\"7d5ee10\" data-element_type=\"container\" data-e-type=\"container\">\n\t\t\t\t\t<div class=\"e-con-inner\">\n\t\t\t\t<div class=\"elementor-element elementor-element-aeaa904 elementor-widget elementor-widget-image\" data-id=\"aeaa904\" data-element_type=\"widget\" data-e-type=\"widget\" data-widget_type=\"image.default\">\n\t\t\t\t\t\t\t\t\t\t\t\t\t\t\t<img fetchpriority=\"high\" decoding=\"async\" width=\"1170\" height=\"694\" src=\"https:\/\/staezn.pt\/wp-content\/uploads\/2026\/03\/WhatsApp-Image-2026-03-10-at-12.41.01-1170x694.jpeg\" class=\"attachment-large size-large wp-image-17799\" alt=\"\" srcset=\"https:\/\/staezn.pt\/wp-content\/uploads\/2026\/03\/WhatsApp-Image-2026-03-10-at-12.41.01-1170x694.jpeg 1170w, https:\/\/staezn.pt\/wp-content\/uploads\/2026\/03\/WhatsApp-Image-2026-03-10-at-12.41.01-768x456.jpeg 768w\" sizes=\"(max-width: 1170px) 100vw, 1170px\" \/>\t\t\t\t\t\t\t\t\t\t\t\t\t\t\t<\/div>\n\t\t\t\t\t<\/div>\n\t\t\t\t<\/div>\n\t\t\t\t<\/div>\n\t\t","protected":false},"excerpt":{"rendered":"<p>O\u00a0STAEZN \u2013 Sindicato dos Trabalhadores de Apoio Educativo da Zona Norte\u00a0e a\u00a0C\u00e2mara Municipal do Peso da R\u00e9gua\u00a0assinaram hoje um protocolo de colabora\u00e7\u00e3o com o objetivo de refor\u00e7ar a qualifica\u00e7\u00e3o e valoriza\u00e7\u00e3o profissional dos trabalhadores de apoio educativo. Este acordo estabelece um quadro de coopera\u00e7\u00e3o que visa promover\u00a0a\u00e7\u00f5es de forma\u00e7\u00e3o profissional, iniciativas de capacita\u00e7\u00e3o e atividades<\/p>\n","protected":false},"author":1,"featured_media":17793,"comment_status":"closed","ping_status":"open","sticky":false,"template":"","format":"standard","meta":{"footnotes":""},"categories":[3,4],"tags":[],"class_list":["post-17792","post","type-post","status-publish","format-standard","has-post-thumbnail","hentry","category-destaque","category-noticias"],"_links":{"self":[{"href":"https:\/\/staezn.pt\/index.php?rest_route=\/wp\/v2\/posts\/17792","targetHints":{"allow":["GET"]}}],"collection":[{"href":"https:\/\/staezn.pt\/index.php?rest_route=\/wp\/v2\/posts"}],"about":[{"href":"https:\/\/staezn.pt\/index.php?rest_route=\/wp\/v2\/types\/post"}],"author":[{"embeddable":true,"href":"https:\/\/staezn.pt\/index.php?rest_route=\/wp\/v2\/users\/1"}],"replies":[{"embeddable":true,"href":"https:\/\/staezn.pt\/index.php?rest_route=%2Fwp%2Fv2%2Fcomments&post=17792"}],"version-history":[{"count":8,"href":"https:\/\/staezn.pt\/index.php?rest_route=\/wp\/v2\/posts\/17792\/revisions"}],"predecessor-version":[{"id":17802,"href":"https:\/\/staezn.pt\/index.php?rest_route=\/wp\/v2\/posts\/17792\/revisions\/17802"}],"wp:featuredmedia":[{"embeddable":true,"href":"https:\/\/staezn.pt\/index.php?rest_route=\/wp\/v2\/media\/17793"}],"wp:attachment":[{"href":"https:\/\/staezn.pt\/index.php?rest_route=%2Fwp%2Fv2%2Fmedia&parent=17792"}],"wp:term":[{"taxonomy":"category","embeddable":true,"href":"https:\/\/staezn.pt\/index.php?rest_route=%2Fwp%2Fv2%2Fcategories&post=17792"},{"taxonomy":"post_tag","embeddable":true,"href":"https:\/\/staezn.pt\/index.php?rest_route=%2Fwp%2Fv2%2Ftags&post=17792"}],"curies":[{"name":"wp","href":"https:\/\/api.w.org\/{rel}","templated":true}]}}