{"id":17880,"date":"2026-04-15T08:50:20","date_gmt":"2026-04-15T08:50:20","guid":{"rendered":"https:\/\/staezn.pt\/?p=17880"},"modified":"2026-04-15T08:55:46","modified_gmt":"2026-04-15T08:55:46","slug":"adesao-do-staezn-a-ugt","status":"publish","type":"post","link":"https:\/\/staezn.pt\/?p=17880","title":{"rendered":"ADES\u00c3O DO STAEZN \u00c0 UGT"},"content":{"rendered":"\t\t<div data-elementor-type=\"wp-post\" data-elementor-id=\"17880\" class=\"elementor elementor-17880\">\n\t\t\t\t<div class=\"elementor-element elementor-element-64afaac e-flex e-con-boxed e-con e-parent\" data-id=\"64afaac\" data-element_type=\"container\" data-e-type=\"container\">\n\t\t\t\t\t<div class=\"e-con-inner\">\n\t\t<div class=\"elementor-element elementor-element-e885590 e-con-full e-flex e-con e-child\" data-id=\"e885590\" data-element_type=\"container\" data-e-type=\"container\">\n\t\t\t\t<div class=\"elementor-element elementor-element-2add246 elementor-widget elementor-widget-text-editor\" data-id=\"2add246\" data-element_type=\"widget\" data-e-type=\"widget\" data-widget_type=\"text-editor.default\">\n\t\t\t\t\t\t\t\t\t<div data-ogsc=\"\" data-olk-copy-source=\"MessageBody\">No dia 9 de abril de 2026, o STAEZN afirmou, de forma clara e determinada, um novo posicionamento no movimento sindical nacional: a sua entrada como membro diretamente filiado na Uni\u00e3o Geral de Trabalhadores (UGT).<\/div><div data-ogsc=\"\" data-olk-copy-source=\"MessageBody\">\u00a0<\/div><div data-ogsc=\"\">Este n\u00e3o \u00e9 um acaso, nem um gesto isolado. \u00c9 o resultado de um percurso consciente, estruturado e profundamente comprometido com a defesa intransigente dos Trabalhadores de Apoio Educativo (TAE) que representamos.<\/div><div data-ogsc=\"\">\u00a0<\/div><div data-ogsc=\"\">Esse percurso teve na nossa integra\u00e7\u00e3o na Federa\u00e7\u00e3o Nacional da Educa\u00e7\u00e3o (FNE) um pilar essencial. Foi nesse espa\u00e7o que consolid\u00e1mos a nossa identidade sindical, refor\u00e7\u00e1mos a nossa capacidade de interven\u00e7\u00e3o e adquirimos a maturidade pol\u00edtica e sindical necess\u00e1ria para dar este importante passo.<\/div><div data-ogsc=\"\">\u00a0<\/div><div data-ogsc=\"\">A FNE foi determinante para amplificar a nossa voz, dar-nos escala e afirmar a centralidade dos trabalhadores de apoio educativo no sistema educativo.<\/div><div data-ogsc=\"\">\u00a0<\/div><div data-ogsc=\"\">Chegamos at\u00e9 aqui gra\u00e7as ao empenho de muitos dirigentes e associados que, diariamente, nos tornam mais fortes, mais preparados e mais conscientes do nosso papel.<\/div><div data-ogsc=\"\">\u00a0<\/div><div data-ogsc=\"\">A ades\u00e3o \u00e0 UGT representa uma afirma\u00e7\u00e3o sindical inequ\u00edvoca: queremos estar onde se decide, onde se negoceia e onde se luta, com responsabilidade e efic\u00e1cia, pelos direitos dos trabalhadores.<\/div><div data-ogsc=\"\">\u00a0<\/div><div data-ogsc=\"\">Assumimos este compromisso com sentido de responsabilidade, mas tamb\u00e9m com ambi\u00e7\u00e3o. N\u00e3o abdicamos de exigir reconhecimento, melhores condi\u00e7\u00f5es de trabalho e o devido respeito pela relev\u00e2ncia das fun\u00e7\u00f5es que os trabalhadores de apoio educativo desempenham diariamente.<\/div><div data-ogsc=\"\">\u00a0<\/div><div data-ogsc=\"\">Agradecemos o acolhimento e a confian\u00e7a, mas afirmamos igualmente a nossa vontade de contribuir ativamente para o refor\u00e7o da vitalidade e da a\u00e7\u00e3o sindical da UGT.<\/div><div data-ogsc=\"\">\u00a0<\/div><div data-ogsc=\"\">N\u00e3o estamos aqui apenas para integrar; estamos aqui para acrescentar, intervir e ajudar a transformar.<\/div><div data-ogsc=\"\">\u00a0<\/div><div data-ogsc=\"\">Porque sabemos que \u00e9 com organiza\u00e7\u00e3o, unidade e determina\u00e7\u00e3o que se conquistam direitos, damos hoje este passo com plena convic\u00e7\u00e3o: estaremos \u00e0 altura das responsabilidades e das expectativas dos trabalhadores que representamos.<\/div><div data-ogsc=\"\">\u00a0<\/div><div data-ogsc=\"\">Obrigado pelo voto de confian\u00e7a.<\/div>\t\t\t\t\t\t\t\t<\/div>\n\t\t\t\t<\/div>\n\t\t\t\t\t<\/div>\n\t\t\t\t<\/div>\n\t\t\t\t<\/div>\n\t\t","protected":false},"excerpt":{"rendered":"<p>No dia 9 de abril de 2026, o STAEZN afirmou, de forma clara e determinada, um novo posicionamento no movimento sindical nacional: a sua entrada como membro diretamente filiado na Uni\u00e3o Geral de Trabalhadores (UGT).\u00a0Este n\u00e3o \u00e9 um acaso, nem um gesto isolado. \u00c9 o resultado de um percurso consciente, estruturado e profundamente comprometido com<\/p>\n","protected":false},"author":1,"featured_media":17886,"comment_status":"closed","ping_status":"open","sticky":false,"template":"","format":"standard","meta":{"footnotes":""},"categories":[3,4],"tags":[],"class_list":["post-17880","post","type-post","status-publish","format-standard","has-post-thumbnail","hentry","category-destaque","category-noticias"],"_links":{"self":[{"href":"https:\/\/staezn.pt\/index.php?rest_route=\/wp\/v2\/posts\/17880","targetHints":{"allow":["GET"]}}],"collection":[{"href":"https:\/\/staezn.pt\/index.php?rest_route=\/wp\/v2\/posts"}],"about":[{"href":"https:\/\/staezn.pt\/index.php?rest_route=\/wp\/v2\/types\/post"}],"author":[{"embeddable":true,"href":"https:\/\/staezn.pt\/index.php?rest_route=\/wp\/v2\/users\/1"}],"replies":[{"embeddable":true,"href":"https:\/\/staezn.pt\/index.php?rest_route=%2Fwp%2Fv2%2Fcomments&post=17880"}],"version-history":[{"count":4,"href":"https:\/\/staezn.pt\/index.php?rest_route=\/wp\/v2\/posts\/17880\/revisions"}],"predecessor-version":[{"id":17885,"href":"https:\/\/staezn.pt\/index.php?rest_route=\/wp\/v2\/posts\/17880\/revisions\/17885"}],"wp:featuredmedia":[{"embeddable":true,"href":"https:\/\/staezn.pt\/index.php?rest_route=\/wp\/v2\/media\/17886"}],"wp:attachment":[{"href":"https:\/\/staezn.pt\/index.php?rest_route=%2Fwp%2Fv2%2Fmedia&parent=17880"}],"wp:term":[{"taxonomy":"category","embeddable":true,"href":"https:\/\/staezn.pt\/index.php?rest_route=%2Fwp%2Fv2%2Fcategories&post=17880"},{"taxonomy":"post_tag","embeddable":true,"href":"https:\/\/staezn.pt\/index.php?rest_route=%2Fwp%2Fv2%2Ftags&post=17880"}],"curies":[{"name":"wp","href":"https:\/\/api.w.org\/{rel}","templated":true}]}}