{"id":17888,"date":"2026-04-30T15:13:24","date_gmt":"2026-04-30T15:13:24","guid":{"rendered":"https:\/\/staezn.pt\/?p=17888"},"modified":"2026-04-30T15:15:08","modified_gmt":"2026-04-30T15:15:08","slug":"o-staezn-sindicato-dos-trabalhadores-de-apoio-educativo-pessoal-nao-docente-da-zona-norte-celebra-hoje-o-seu-37o-aniversario","status":"publish","type":"post","link":"https:\/\/staezn.pt\/?p=17888","title":{"rendered":"O STAEZN (Sindicato dos Trabalhadores de Apoio Educativo \/ Pessoal N\u00e3o Docente da Zona Norte) celebra hoje o seu 37\u00ba anivers\u00e1rio."},"content":{"rendered":"\t\t<div data-elementor-type=\"wp-post\" data-elementor-id=\"17888\" class=\"elementor elementor-17888\">\n\t\t\t\t<div class=\"elementor-element elementor-element-f3eb506 e-flex e-con-boxed e-con e-parent\" data-id=\"f3eb506\" data-element_type=\"container\" data-e-type=\"container\">\n\t\t\t\t\t<div class=\"e-con-inner\">\n\t\t<div class=\"elementor-element elementor-element-07a60aa e-con-full e-flex e-con e-child\" data-id=\"07a60aa\" data-element_type=\"container\" data-e-type=\"container\">\n\t\t\t\t<div class=\"elementor-element elementor-element-ec37b1f elementor-widget elementor-widget-text-editor\" data-id=\"ec37b1f\" data-element_type=\"widget\" data-e-type=\"widget\" data-widget_type=\"text-editor.default\">\n\t\t\t\t\t\t\t\t\t<div>Com os seus primeiros estatutos publicados oficialmente a 30 de abril de 1989, o STAEZN \u00e9 uma associa\u00e7\u00e3o sindical que representa os trabalhadores N\u00e3o Docentes da Educa\u00e7\u00e3o dos ensinos p\u00fablico, privado, ensino particular e cooperativo, nomeadamente Miseric\u00f3rdias e Institui\u00e7\u00f5es Particulares de Solidariedade Social, sendo Sindicato membro da FNE desde 1989.<br \/><br \/><\/div><div>O STAEZN nasceu por comiss\u00e3o constitu\u00edda em 25 de Janeiro de 1989 presidida por Alberto Fernando Lopes Machado.\u00a0<br \/><br \/><\/div><div>O primeiro Congresso foi realizado no Porto, no dia 21 de Abril de 1990 na Escola Secund\u00e1ria Alexandre Herculano e foram aprovados documentos importantes como o Estatuto Profissional, o C\u00f3digo Deontol\u00f3gico e debatidos assuntos como a Forma\u00e7\u00e3o Profissional e a participa\u00e7\u00e3o na gest\u00e3o das escolas, ou as condi\u00e7\u00f5es de trabalho do ensino Particular.<br \/><br \/><\/div><div>Cristina Peixoto \u00e9 a atual Presidente do Sindicato.<\/div>\t\t\t\t\t\t\t\t<\/div>\n\t\t\t\t<\/div>\n\t\t\t\t\t<\/div>\n\t\t\t\t<\/div>\n\t\t<div class=\"elementor-element elementor-element-90b889c e-flex e-con-boxed e-con e-parent\" data-id=\"90b889c\" data-element_type=\"container\" data-e-type=\"container\">\n\t\t\t\t\t<div class=\"e-con-inner\">\n\t\t\t\t\t<\/div>\n\t\t\t\t<\/div>\n\t\t\t\t<\/div>\n\t\t","protected":false},"excerpt":{"rendered":"<p>Com os seus primeiros estatutos publicados oficialmente a 30 de abril de 1989, o STAEZN \u00e9 uma associa\u00e7\u00e3o sindical que representa os trabalhadores N\u00e3o Docentes da Educa\u00e7\u00e3o dos ensinos p\u00fablico, privado, ensino particular e cooperativo, nomeadamente Miseric\u00f3rdias e Institui\u00e7\u00f5es Particulares de Solidariedade Social, sendo Sindicato membro da FNE desde 1989. O STAEZN nasceu por comiss\u00e3o<\/p>\n","protected":false},"author":1,"featured_media":17889,"comment_status":"closed","ping_status":"open","sticky":false,"template":"","format":"standard","meta":{"footnotes":""},"categories":[3,4],"tags":[],"class_list":["post-17888","post","type-post","status-publish","format-standard","has-post-thumbnail","hentry","category-destaque","category-noticias"],"_links":{"self":[{"href":"https:\/\/staezn.pt\/index.php?rest_route=\/wp\/v2\/posts\/17888","targetHints":{"allow":["GET"]}}],"collection":[{"href":"https:\/\/staezn.pt\/index.php?rest_route=\/wp\/v2\/posts"}],"about":[{"href":"https:\/\/staezn.pt\/index.php?rest_route=\/wp\/v2\/types\/post"}],"author":[{"embeddable":true,"href":"https:\/\/staezn.pt\/index.php?rest_route=\/wp\/v2\/users\/1"}],"replies":[{"embeddable":true,"href":"https:\/\/staezn.pt\/index.php?rest_route=%2Fwp%2Fv2%2Fcomments&post=17888"}],"version-history":[{"count":4,"href":"https:\/\/staezn.pt\/index.php?rest_route=\/wp\/v2\/posts\/17888\/revisions"}],"predecessor-version":[{"id":17893,"href":"https:\/\/staezn.pt\/index.php?rest_route=\/wp\/v2\/posts\/17888\/revisions\/17893"}],"wp:featuredmedia":[{"embeddable":true,"href":"https:\/\/staezn.pt\/index.php?rest_route=\/wp\/v2\/media\/17889"}],"wp:attachment":[{"href":"https:\/\/staezn.pt\/index.php?rest_route=%2Fwp%2Fv2%2Fmedia&parent=17888"}],"wp:term":[{"taxonomy":"category","embeddable":true,"href":"https:\/\/staezn.pt\/index.php?rest_route=%2Fwp%2Fv2%2Fcategories&post=17888"},{"taxonomy":"post_tag","embeddable":true,"href":"https:\/\/staezn.pt\/index.php?rest_route=%2Fwp%2Fv2%2Ftags&post=17888"}],"curies":[{"name":"wp","href":"https:\/\/api.w.org\/{rel}","templated":true}]}}